{"id":7837,"date":"2023-07-11T10:20:38","date_gmt":"2023-07-11T08:20:38","guid":{"rendered":"https:\/\/www.campinglesoleildor.com\/non-categorizzato\/marche-montalivet\/"},"modified":"2024-04-25T15:56:28","modified_gmt":"2024-04-25T13:56:28","slug":"mercato-montalivet","status":"publish","type":"post","link":"https:\/\/www.campinglesoleildor.com\/it\/notizia\/mercato-montalivet\/","title":{"rendered":"Il mercato di Montalivet: il fiore all&#8217;occhiello delle tue vacanze in campeggio nella Gironda"},"content":{"rendered":"<div class=\"bloc-texte \"><div class=\"texte left\"><p>Spiaggia e aperitivo sono attivit\u00e0 imprescindibili in vacanza. Ma un soggiorno in campeggio non sarebbe completo senza una <strong>visita ai mercati locali<\/strong>!<\/p>\n<p>A soli 10 minuti a piedi dal nostro <a href=\"\/\">campeggio Le Soleil d\u2019Or situato a Montalivet<\/a>, in Nuova Aquitania, il <strong>mercato di Vendays-Montalivet <\/strong>vi promette un&#8217;atmosfera conviviale e prodotti locali di qualit\u00e0!<\/p>\n<h2>Scoprite il mercato in immagini<\/h2>\n<p><iframe loading=\"lazy\" title=\"March\u00e9 Montalivet juillet 2033\" width=\"500\" height=\"281\" src=\"https:\/\/www.youtube.com\/embed\/15q0kLlwG7U?feature=oembed&#038;enablejsapi=1&#038;origin=https:\/\/www.campinglesoleildor.com\" frameborder=\"0\" allow=\"accelerometer; autoplay; clipboard-write; encrypted-media; gyroscope; picture-in-picture; web-share\" referrerpolicy=\"strict-origin-when-cross-origin\" allowfullscreen><\/iframe><\/p>\n<h2>Quando andare al mercato di Montalivet?<\/h2>\n<p>Accessibile tutti i giorni d&#8217;estate, al mattino, <strong>il mercato di Montalivet<\/strong> accoglie una miriade di produttori locali e artigiani, dalle 8:30 alle 13:30 (alle 14 nei weekend e nei giorni festivi). Questo mercato all&#8217;aperto, situato nella piazza centrale della citt\u00e0, vanta <strong>oltre 200 banchi <\/strong>che traboccano di prodotti freschi e specialit\u00e0 locali. Creato nel 1957, con la costruzione del mercato coperto nel comune, \u00e8 uno dei mercati pi\u00f9 importanti del dipartimento, ma anche uno dei pi\u00f9 imperdibili.<\/p>\n<h2>Il mercato, pi\u00f9 di un momento di shopping, un&#8217;esperienza autentica<\/h2>\n<p>Amiamo il mercato per il suo spirito unico, allo stesso tempo <strong>conviviale, piacevole e pratico<\/strong>. Oltre al suo aspetto utile e agli acquisti che vi si fanno, il mercato \u00e8 anche l&#8217;occasione per <strong>passeggiare e immergersi nella vita locale<\/strong>. Ma anche per incontrare e scambiare con i locali e per passeggiare tra i corridoi annusando i dolci odori di pesce alla griglia, pane appena sfornato o pollo arrosto allo spiedo.<br \/>\nLontano dall&#8217;agitazione dei grandi supermercati, il <strong>mercato di Vendays-Montalivet <\/strong>\u00e8 una vera <strong>uscita turistica e sensoriale<\/strong> per tutta la famiglia, con un&#8217;ampia offerta di prodotti alimentari e artigianali.<\/p>\n<h2>Il mercato di Montalivet: un viaggio gastronomico<\/h2>\n<p>Preparatevi a trascorrere una lunga mattinata a gironzolare tra gli <strong>abbondanti e colorati banchi <\/strong>del mercato di Vendays-Montalivet, a due passi dall&#8217;oceano. Non resterete delusi da questa immersione nel cuore dei sapori locali e nazionali. Lungo gli stand, assaggerete ostriche di Arcachon, degusterete vino del M\u00e9doc, scoprirete i formaggi della Gironde, vi delizierete con deliziosi dolci artigianali e vi leccherete i baffi di fronte a frutta e verdura assolate.<br \/>\nPotrete riempire i vostri sacchetti con questi <strong>belli prodotti di qualit\u00e0<\/strong>, oppure pranzare sul posto godendovi l&#8217;allegra atmosfera di questo<strong> luogo vivace e animato<\/strong>. Non perdetevi ad esempio il piatto forte del mercato di Montalivet: le ostriche con del vino bianco di Bordeaux! Solo per questo piatto delizioso, amerete il mercato di Vendays-Montalivet!<\/p>\n<h2>Focus sull&#8217;artigianato della Gironde<\/h2>\n<p>Al <strong>mercato di Vendays-Montalivet<\/strong>, non troverete solo bancarelle alimentari, ma anche numerose bancarelle dedicate all&#8217;<strong>artigianato locale<\/strong>. Il mercato di Montalivet \u00e8 anche uno spazio creativo dove artigiani e creatori condividono la loro passione. Gioielli fatti a mano, abiti in lino, ceramiche smaltate, saponi biologici, ogni stand \u00e8 una vera miniera d&#8217;oro per gli amanti di prodotti originali e autentici.<br \/>\n\u00c8 l&#8217;occasione ideale per <strong>scoprire il know-how locale<\/strong> e portare a casa un souvenir unico del vostro soggiorno!<\/p>\n<h2>Mercato di Montalivet: un giro del mondo e della Francia senza lasciare la Gironde<\/h2>\n<p>Una delle peculiarit\u00e0 del <strong>mercato di Montalivet<\/strong> \u00e8 che diversi dei suoi stand valorizzano l&#8217;<strong>artigianato straniero<\/strong>. Avrete cos\u00ec la sorpresa di scoprire tappeti del Marocco, amache del Messico, ma anche ammirare tessuti colorati dall&#8217;India. Un aspetto esotico e internazionale che non si trova in tutti i mercati.<br \/>\nE le specialit\u00e0 di tutta la Francia sono anch&#8217;esse in primo piano: salsicce di Lione, dolci baschi, cassoulet di Tolosa, kouglof d&#8217;Alsazia\u2026<\/p>\n<p>C&#8217;\u00e8 tutto quello che serve al <strong>mercato di Vendays-Montalivet<\/strong>!<\/p>\n<p>Quindi, che siate appassionati di gastronomia, appassionati di artigianato o semplicemente alla ricerca di un&#8217;esperienza autentica e conviviale, il <strong>mercato di Montalivet <\/strong>\u00e8 per voi!<\/p>\n<p>Non dimenticate di includere nel vostro programma di vacanza una deviazione per questo mercato, nelle immediate vicinanze del nostro campeggio. Questo luogo pieno di colori, <strong>previsto per i golosi e gli amanti dei bei prodotti,<\/strong> \u00e8 una tappa obbligata del comune. E poich\u00e9 una mattina non \u00e8 sufficiente per visitare il <strong>mercato di Montalivet<\/strong> come si deve, vi consigliamo vivamente di trascorrerci diverse mattinate in famiglia o con gli amici.<\/p>\n<\/div><\/div>","protected":false},"excerpt":{"rendered":"","protected":false},"author":1,"featured_media":7838,"comment_status":"closed","ping_status":"closed","sticky":false,"template":"","format":"standard","meta":{"_acf_changed":false,"footnotes":""},"categories":[62],"tags":[],"class_list":["post-7837","post","type-post","status-publish","format-standard","has-post-thumbnail","hentry","category-notizia"],"acf":[],"yoast_head":"<!-- This site is optimized with the Yoast SEO plugin v27.5 - https:\/\/yoast.com\/product\/yoast-seo-wordpress\/ -->\n<title>Mercato Montalivet: cosa ti aspetta in questo mercato rionale<\/title>\n<meta name=\"description\" content=\"Scopri tutto sul tipico mercato Vendays-Montalivet: date, orari, artigiani, scopri anche in video cosa ti aspetta.\" \/>\n<meta name=\"robots\" content=\"index, follow, max-snippet:-1, max-image-preview:large, max-video-preview:-1\" \/>\n<link rel=\"canonical\" href=\"https:\/\/www.campinglesoleildor.com\/it\/notizia\/mercato-montalivet\/\" \/>\n<meta property=\"og:locale\" content=\"it_IT\" \/>\n<meta property=\"og:type\" content=\"article\" \/>\n<meta property=\"og:title\" content=\"Mercato Montalivet: cosa ti aspetta in questo mercato rionale\" \/>\n<meta property=\"og:description\" content=\"Scopri tutto sul tipico mercato Vendays-Montalivet: date, orari, artigiani, scopri anche in video cosa ti aspetta.\" \/>\n<meta property=\"og:url\" content=\"https:\/\/www.campinglesoleildor.com\/it\/notizia\/mercato-montalivet\/\" \/>\n<meta property=\"og:site_name\" content=\"Camping le soleil d&#039;or\" \/>\n<meta property=\"article:published_time\" content=\"2023-07-11T08:20:38+00:00\" \/>\n<meta property=\"article:modified_time\" content=\"2024-04-25T13:56:28+00:00\" \/>\n<meta property=\"og:image\" content=\"https:\/\/www.campinglesoleildor.com\/wp-content\/uploads\/2023\/07\/marche-montalivet.jpeg\" \/>\n\t<meta property=\"og:image:width\" content=\"1280\" \/>\n\t<meta property=\"og:image:height\" content=\"853\" \/>\n\t<meta property=\"og:image:type\" content=\"image\/jpeg\" \/>\n<meta name=\"author\" content=\"Sophie\" \/>\n<meta name=\"twitter:card\" content=\"summary_large_image\" \/>\n<meta name=\"twitter:label1\" content=\"Scritto da\" \/>\n\t<meta name=\"twitter:data1\" content=\"Sophie\" \/>\n<script type=\"application\/ld+json\" class=\"yoast-schema-graph\">{\"@context\":\"https:\\\/\\\/schema.org\",\"@graph\":[{\"@type\":\"Article\",\"@id\":\"https:\\\/\\\/www.campinglesoleildor.com\\\/it\\\/notizia\\\/mercato-montalivet\\\/#article\",\"isPartOf\":{\"@id\":\"https:\\\/\\\/www.campinglesoleildor.com\\\/it\\\/notizia\\\/mercato-montalivet\\\/\"},\"author\":{\"name\":\"Sophie\",\"@id\":\"https:\\\/\\\/www.campinglesoleildor.com\\\/it\\\/#\\\/schema\\\/person\\\/10fdc7113ee6f73a2b80c7e8130085dc\"},\"headline\":\"Il mercato di Montalivet: il fiore all&#8217;occhiello delle tue vacanze in campeggio nella Gironda\",\"datePublished\":\"2023-07-11T08:20:38+00:00\",\"dateModified\":\"2024-04-25T13:56:28+00:00\",\"mainEntityOfPage\":{\"@id\":\"https:\\\/\\\/www.campinglesoleildor.com\\\/it\\\/notizia\\\/mercato-montalivet\\\/\"},\"wordCount\":15,\"image\":{\"@id\":\"https:\\\/\\\/www.campinglesoleildor.com\\\/it\\\/notizia\\\/mercato-montalivet\\\/#primaryimage\"},\"thumbnailUrl\":\"https:\\\/\\\/www.campinglesoleildor.com\\\/wp-content\\\/uploads\\\/2023\\\/07\\\/marche-montalivet.jpeg\",\"articleSection\":[\"Notizia\"],\"inLanguage\":\"it-IT\"},{\"@type\":\"WebPage\",\"@id\":\"https:\\\/\\\/www.campinglesoleildor.com\\\/it\\\/notizia\\\/mercato-montalivet\\\/\",\"url\":\"https:\\\/\\\/www.campinglesoleildor.com\\\/it\\\/notizia\\\/mercato-montalivet\\\/\",\"name\":\"Mercato Montalivet: cosa ti aspetta in questo mercato rionale\",\"isPartOf\":{\"@id\":\"https:\\\/\\\/www.campinglesoleildor.com\\\/it\\\/#website\"},\"primaryImageOfPage\":{\"@id\":\"https:\\\/\\\/www.campinglesoleildor.com\\\/it\\\/notizia\\\/mercato-montalivet\\\/#primaryimage\"},\"image\":{\"@id\":\"https:\\\/\\\/www.campinglesoleildor.com\\\/it\\\/notizia\\\/mercato-montalivet\\\/#primaryimage\"},\"thumbnailUrl\":\"https:\\\/\\\/www.campinglesoleildor.com\\\/wp-content\\\/uploads\\\/2023\\\/07\\\/marche-montalivet.jpeg\",\"datePublished\":\"2023-07-11T08:20:38+00:00\",\"dateModified\":\"2024-04-25T13:56:28+00:00\",\"author\":{\"@id\":\"https:\\\/\\\/www.campinglesoleildor.com\\\/it\\\/#\\\/schema\\\/person\\\/10fdc7113ee6f73a2b80c7e8130085dc\"},\"description\":\"Scopri tutto sul tipico mercato Vendays-Montalivet: date, orari, artigiani, scopri anche in video cosa ti aspetta.\",\"breadcrumb\":{\"@id\":\"https:\\\/\\\/www.campinglesoleildor.com\\\/it\\\/notizia\\\/mercato-montalivet\\\/#breadcrumb\"},\"inLanguage\":\"it-IT\",\"potentialAction\":[{\"@type\":\"ReadAction\",\"target\":[\"https:\\\/\\\/www.campinglesoleildor.com\\\/it\\\/notizia\\\/mercato-montalivet\\\/\"]}]},{\"@type\":\"ImageObject\",\"inLanguage\":\"it-IT\",\"@id\":\"https:\\\/\\\/www.campinglesoleildor.com\\\/it\\\/notizia\\\/mercato-montalivet\\\/#primaryimage\",\"url\":\"https:\\\/\\\/www.campinglesoleildor.com\\\/wp-content\\\/uploads\\\/2023\\\/07\\\/marche-montalivet.jpeg\",\"contentUrl\":\"https:\\\/\\\/www.campinglesoleildor.com\\\/wp-content\\\/uploads\\\/2023\\\/07\\\/marche-montalivet.jpeg\",\"width\":1280,\"height\":853},{\"@type\":\"BreadcrumbList\",\"@id\":\"https:\\\/\\\/www.campinglesoleildor.com\\\/it\\\/notizia\\\/mercato-montalivet\\\/#breadcrumb\",\"itemListElement\":[{\"@type\":\"ListItem\",\"position\":1,\"name\":\"Camping Montalivet\",\"item\":\"https:\\\/\\\/www.campinglesoleildor.com\\\/it\\\/\"},{\"@type\":\"ListItem\",\"position\":2,\"name\":\"Notizia\",\"item\":\"https:\\\/\\\/www.campinglesoleildor.com\\\/it\\\/notizia\\\/\"},{\"@type\":\"ListItem\",\"position\":3,\"name\":\"Mercato Montalivet\"}]},{\"@type\":\"WebSite\",\"@id\":\"https:\\\/\\\/www.campinglesoleildor.com\\\/it\\\/#website\",\"url\":\"https:\\\/\\\/www.campinglesoleildor.com\\\/it\\\/\",\"name\":\"Camping le soleil d&#039;or\",\"description\":\"\",\"potentialAction\":[{\"@type\":\"SearchAction\",\"target\":{\"@type\":\"EntryPoint\",\"urlTemplate\":\"https:\\\/\\\/www.campinglesoleildor.com\\\/it\\\/?s={search_term_string}\"},\"query-input\":{\"@type\":\"PropertyValueSpecification\",\"valueRequired\":true,\"valueName\":\"search_term_string\"}}],\"inLanguage\":\"it-IT\"},{\"@type\":\"Person\",\"@id\":\"https:\\\/\\\/www.campinglesoleildor.com\\\/it\\\/#\\\/schema\\\/person\\\/10fdc7113ee6f73a2b80c7e8130085dc\",\"name\":\"Sophie\",\"image\":{\"@type\":\"ImageObject\",\"inLanguage\":\"it-IT\",\"@id\":\"https:\\\/\\\/secure.gravatar.com\\\/avatar\\\/86b633a5118c3140e6b1c2483a68323acdf295abe71885b8ae884866381e588a?s=96&d=mm&r=g\",\"url\":\"https:\\\/\\\/secure.gravatar.com\\\/avatar\\\/86b633a5118c3140e6b1c2483a68323acdf295abe71885b8ae884866381e588a?s=96&d=mm&r=g\",\"contentUrl\":\"https:\\\/\\\/secure.gravatar.com\\\/avatar\\\/86b633a5118c3140e6b1c2483a68323acdf295abe71885b8ae884866381e588a?s=96&d=mm&r=g\",\"caption\":\"Sophie\"},\"sameAs\":[\"http:\\\/\\\/campinglesdunes.fr\"]}]}<\/script>\n<!-- \/ Yoast SEO plugin. -->","yoast_head_json":{"title":"Mercato Montalivet: cosa ti aspetta in questo mercato rionale","description":"Scopri tutto sul tipico mercato Vendays-Montalivet: date, orari, artigiani, scopri anche in video cosa ti aspetta.","robots":{"index":"index","follow":"follow","max-snippet":"max-snippet:-1","max-image-preview":"max-image-preview:large","max-video-preview":"max-video-preview:-1"},"canonical":"https:\/\/www.campinglesoleildor.com\/it\/notizia\/mercato-montalivet\/","og_locale":"it_IT","og_type":"article","og_title":"Mercato Montalivet: cosa ti aspetta in questo mercato rionale","og_description":"Scopri tutto sul tipico mercato Vendays-Montalivet: date, orari, artigiani, scopri anche in video cosa ti aspetta.","og_url":"https:\/\/www.campinglesoleildor.com\/it\/notizia\/mercato-montalivet\/","og_site_name":"Camping le soleil d&#039;or","article_published_time":"2023-07-11T08:20:38+00:00","article_modified_time":"2024-04-25T13:56:28+00:00","og_image":[{"width":1280,"height":853,"url":"https:\/\/www.campinglesoleildor.com\/wp-content\/uploads\/2023\/07\/marche-montalivet.jpeg","type":"image\/jpeg"}],"author":"Sophie","twitter_card":"summary_large_image","twitter_misc":{"Scritto da":"Sophie"},"schema":{"@context":"https:\/\/schema.org","@graph":[{"@type":"Article","@id":"https:\/\/www.campinglesoleildor.com\/it\/notizia\/mercato-montalivet\/#article","isPartOf":{"@id":"https:\/\/www.campinglesoleildor.com\/it\/notizia\/mercato-montalivet\/"},"author":{"name":"Sophie","@id":"https:\/\/www.campinglesoleildor.com\/it\/#\/schema\/person\/10fdc7113ee6f73a2b80c7e8130085dc"},"headline":"Il mercato di Montalivet: il fiore all&#8217;occhiello delle tue vacanze in campeggio nella Gironda","datePublished":"2023-07-11T08:20:38+00:00","dateModified":"2024-04-25T13:56:28+00:00","mainEntityOfPage":{"@id":"https:\/\/www.campinglesoleildor.com\/it\/notizia\/mercato-montalivet\/"},"wordCount":15,"image":{"@id":"https:\/\/www.campinglesoleildor.com\/it\/notizia\/mercato-montalivet\/#primaryimage"},"thumbnailUrl":"https:\/\/www.campinglesoleildor.com\/wp-content\/uploads\/2023\/07\/marche-montalivet.jpeg","articleSection":["Notizia"],"inLanguage":"it-IT"},{"@type":"WebPage","@id":"https:\/\/www.campinglesoleildor.com\/it\/notizia\/mercato-montalivet\/","url":"https:\/\/www.campinglesoleildor.com\/it\/notizia\/mercato-montalivet\/","name":"Mercato Montalivet: cosa ti aspetta in questo mercato rionale","isPartOf":{"@id":"https:\/\/www.campinglesoleildor.com\/it\/#website"},"primaryImageOfPage":{"@id":"https:\/\/www.campinglesoleildor.com\/it\/notizia\/mercato-montalivet\/#primaryimage"},"image":{"@id":"https:\/\/www.campinglesoleildor.com\/it\/notizia\/mercato-montalivet\/#primaryimage"},"thumbnailUrl":"https:\/\/www.campinglesoleildor.com\/wp-content\/uploads\/2023\/07\/marche-montalivet.jpeg","datePublished":"2023-07-11T08:20:38+00:00","dateModified":"2024-04-25T13:56:28+00:00","author":{"@id":"https:\/\/www.campinglesoleildor.com\/it\/#\/schema\/person\/10fdc7113ee6f73a2b80c7e8130085dc"},"description":"Scopri tutto sul tipico mercato Vendays-Montalivet: date, orari, artigiani, scopri anche in video cosa ti aspetta.","breadcrumb":{"@id":"https:\/\/www.campinglesoleildor.com\/it\/notizia\/mercato-montalivet\/#breadcrumb"},"inLanguage":"it-IT","potentialAction":[{"@type":"ReadAction","target":["https:\/\/www.campinglesoleildor.com\/it\/notizia\/mercato-montalivet\/"]}]},{"@type":"ImageObject","inLanguage":"it-IT","@id":"https:\/\/www.campinglesoleildor.com\/it\/notizia\/mercato-montalivet\/#primaryimage","url":"https:\/\/www.campinglesoleildor.com\/wp-content\/uploads\/2023\/07\/marche-montalivet.jpeg","contentUrl":"https:\/\/www.campinglesoleildor.com\/wp-content\/uploads\/2023\/07\/marche-montalivet.jpeg","width":1280,"height":853},{"@type":"BreadcrumbList","@id":"https:\/\/www.campinglesoleildor.com\/it\/notizia\/mercato-montalivet\/#breadcrumb","itemListElement":[{"@type":"ListItem","position":1,"name":"Camping Montalivet","item":"https:\/\/www.campinglesoleildor.com\/it\/"},{"@type":"ListItem","position":2,"name":"Notizia","item":"https:\/\/www.campinglesoleildor.com\/it\/notizia\/"},{"@type":"ListItem","position":3,"name":"Mercato Montalivet"}]},{"@type":"WebSite","@id":"https:\/\/www.campinglesoleildor.com\/it\/#website","url":"https:\/\/www.campinglesoleildor.com\/it\/","name":"Camping le soleil d&#039;or","description":"","potentialAction":[{"@type":"SearchAction","target":{"@type":"EntryPoint","urlTemplate":"https:\/\/www.campinglesoleildor.com\/it\/?s={search_term_string}"},"query-input":{"@type":"PropertyValueSpecification","valueRequired":true,"valueName":"search_term_string"}}],"inLanguage":"it-IT"},{"@type":"Person","@id":"https:\/\/www.campinglesoleildor.com\/it\/#\/schema\/person\/10fdc7113ee6f73a2b80c7e8130085dc","name":"Sophie","image":{"@type":"ImageObject","inLanguage":"it-IT","@id":"https:\/\/secure.gravatar.com\/avatar\/86b633a5118c3140e6b1c2483a68323acdf295abe71885b8ae884866381e588a?s=96&d=mm&r=g","url":"https:\/\/secure.gravatar.com\/avatar\/86b633a5118c3140e6b1c2483a68323acdf295abe71885b8ae884866381e588a?s=96&d=mm&r=g","contentUrl":"https:\/\/secure.gravatar.com\/avatar\/86b633a5118c3140e6b1c2483a68323acdf295abe71885b8ae884866381e588a?s=96&d=mm&r=g","caption":"Sophie"},"sameAs":["http:\/\/campinglesdunes.fr"]}]}},"_links":{"self":[{"href":"https:\/\/www.campinglesoleildor.com\/it\/wp-json\/wp\/v2\/posts\/7837","targetHints":{"allow":["GET"]}}],"collection":[{"href":"https:\/\/www.campinglesoleildor.com\/it\/wp-json\/wp\/v2\/posts"}],"about":[{"href":"https:\/\/www.campinglesoleildor.com\/it\/wp-json\/wp\/v2\/types\/post"}],"author":[{"embeddable":true,"href":"https:\/\/www.campinglesoleildor.com\/it\/wp-json\/wp\/v2\/users\/1"}],"replies":[{"embeddable":true,"href":"https:\/\/www.campinglesoleildor.com\/it\/wp-json\/wp\/v2\/comments?post=7837"}],"version-history":[{"count":2,"href":"https:\/\/www.campinglesoleildor.com\/it\/wp-json\/wp\/v2\/posts\/7837\/revisions"}],"predecessor-version":[{"id":7840,"href":"https:\/\/www.campinglesoleildor.com\/it\/wp-json\/wp\/v2\/posts\/7837\/revisions\/7840"}],"wp:featuredmedia":[{"embeddable":true,"href":"https:\/\/www.campinglesoleildor.com\/it\/wp-json\/wp\/v2\/media\/7838"}],"wp:attachment":[{"href":"https:\/\/www.campinglesoleildor.com\/it\/wp-json\/wp\/v2\/media?parent=7837"}],"wp:term":[{"taxonomy":"category","embeddable":true,"href":"https:\/\/www.campinglesoleildor.com\/it\/wp-json\/wp\/v2\/categories?post=7837"},{"taxonomy":"post_tag","embeddable":true,"href":"https:\/\/www.campinglesoleildor.com\/it\/wp-json\/wp\/v2\/tags?post=7837"}],"curies":[{"name":"wp","href":"https:\/\/api.w.org\/{rel}","templated":true}]}}